{"id":7541,"date":"2026-08-17T19:37:40","date_gmt":"2026-08-17T19:37:40","guid":{"rendered":"https:\/\/minkanaforest.foundation\/?p=7541"},"modified":"2026-08-17T19:37:42","modified_gmt":"2026-08-17T19:37:42","slug":"las-vacaciones-escolares-llegaron-pero-el-aprendizaje-continua","status":"publish","type":"post","link":"https:\/\/minkanaforest.foundation\/en\/las-vacaciones-escolares-llegaron-pero-el-aprendizaje-continua\/","title":{"rendered":"Las vacaciones escolares llegaron, pero el aprendizaje contin\u00faa\u2026"},"content":{"rendered":"<figure class=\"wp-block-image size-large\"><img loading=\"lazy\" decoding=\"async\" width=\"1024\" height=\"683\" src=\"https:\/\/minkanaforest.foundation\/wp-content\/uploads\/2026\/08\/4-1024x683.jpg\" alt=\"\" class=\"wp-image-7545\" srcset=\"https:\/\/minkanaforest.foundation\/wp-content\/uploads\/2026\/08\/4-1024x683.jpg 1024w, https:\/\/minkanaforest.foundation\/wp-content\/uploads\/2026\/08\/4-300x200.jpg 300w, https:\/\/minkanaforest.foundation\/wp-content\/uploads\/2026\/08\/4-768x512.jpg 768w, https:\/\/minkanaforest.foundation\/wp-content\/uploads\/2026\/08\/4-1536x1024.jpg 1536w, https:\/\/minkanaforest.foundation\/wp-content\/uploads\/2026\/08\/4-2048x1365.jpg 2048w, https:\/\/minkanaforest.foundation\/wp-content\/uploads\/2026\/08\/4-18x12.jpg 18w\" sizes=\"auto, (max-width: 1024px) 100vw, 1024px\" \/><\/figure>\n\n\n\n<p class=\"wp-block-paragraph\">Las vacaciones escolares cambian el ritmo de las comunidades amaz\u00f3nicas. Muchos ni\u00f1os acompa\u00f1an a sus familias en las labores de las fincas, otros aprovechan estos d\u00edas para visitar a sus seres queridos y las rutinas diarias toman un rumbo diferente. Aun as\u00ed, este tiempo tambi\u00e9n abri\u00f3 un espacio para seguir compartiendo, aprendiendo y encontr\u00e1ndonos alrededor de un prop\u00f3sito com\u00fan: cuidar la selva que nos da vida.<\/p>\n\n\n\n<figure class=\"wp-block-image size-full\"><img decoding=\"async\" src=\"https:\/\/minkanaforest.foundation\/wp-content\/uploads\/2026\/08\/8.jpg\" alt=\"\" class=\"wp-image-7549\"\/><\/figure>\n\n\n\n<figure class=\"wp-block-image size-large\"><img loading=\"lazy\" decoding=\"async\" width=\"1024\" height=\"683\" src=\"https:\/\/minkanaforest.foundation\/wp-content\/uploads\/2026\/08\/7-1024x683.jpg\" alt=\"\" class=\"wp-image-7548\" srcset=\"https:\/\/minkanaforest.foundation\/wp-content\/uploads\/2026\/08\/7-1024x683.jpg 1024w, https:\/\/minkanaforest.foundation\/wp-content\/uploads\/2026\/08\/7-300x200.jpg 300w, https:\/\/minkanaforest.foundation\/wp-content\/uploads\/2026\/08\/7-768x512.jpg 768w, https:\/\/minkanaforest.foundation\/wp-content\/uploads\/2026\/08\/7-1536x1024.jpg 1536w, https:\/\/minkanaforest.foundation\/wp-content\/uploads\/2026\/08\/7-2048x1365.jpg 2048w, https:\/\/minkanaforest.foundation\/wp-content\/uploads\/2026\/08\/7-18x12.jpg 18w\" sizes=\"auto, (max-width: 1024px) 100vw, 1024px\" \/><\/figure>\n\n\n\n<p class=\"wp-block-paragraph\">Mantener las jornadas de educaci\u00f3n ambiental durante esta temporada implic\u00f3 adaptar la planificaci\u00f3n a la realidad de cada comunidad. En muchos sectores el acceso a telefon\u00eda m\u00f3vil y redes sociales es limitado, y con el receso escolar tampoco fue posible contar con el apoyo permanente de los docentes, quienes habitualmente facilitan la coordinaci\u00f3n de las actividades. Ante este escenario, el equipo recorri\u00f3 cada comunidad para entregar personalmente las convocatorias, conversar con los l\u00edderes comunitarios y asegurarse de que cada familia recibiera la informaci\u00f3n con tiempo.<\/p>\n\n\n\n<figure class=\"wp-block-image size-full\"><img decoding=\"async\" src=\"https:\/\/minkanaforest.foundation\/wp-content\/uploads\/2026\/08\/2.jpg\" alt=\"\" class=\"wp-image-7543\"\/><\/figure>\n\n\n\n<p class=\"wp-block-paragraph\">As\u00ed continu\u00f3 la segunda fase del programa de educaci\u00f3n ambiental con la tem\u00e1tica\u00a0<strong>\u00abEl Misterio del Cambio Clim\u00e1tico\u00bb<\/strong>. A trav\u00e9s de juegos, din\u00e1micas y espacios de di\u00e1logo, ni\u00f1as, ni\u00f1os y padres de familia descubrieron c\u00f3mo este fen\u00f3meno afecta a la Amazon\u00eda y conversaron sobre peque\u00f1as acciones que, desde sus hogares y comunidades, pueden generar un impacto positivo para el ambiente.<\/p>\n\n\n\n<figure class=\"wp-block-image size-full\"><img decoding=\"async\" src=\"https:\/\/minkanaforest.foundation\/wp-content\/uploads\/2026\/08\/10.jpg\" alt=\"\" class=\"wp-image-7551\"\/><\/figure>\n\n\n\n<p class=\"wp-block-paragraph\">Uno de los momentos m\u00e1s especiales de esta etapa fue ver a las familias participando juntas. Padres e hijos compartieron las actividades, hicieron preguntas, intercambiaron ideas y disfrutaron de un tiempo diferente durante las vacaciones. Al finalizar cada jornada, las palabras de agradecimiento, las sonrisas y el inter\u00e9s por recibir nuevamente a Minkana reflejaron que estos encuentros ya forman parte de la vida de muchas comunidades.<\/p>\n\n\n\n<figure class=\"wp-block-image size-full\"><img decoding=\"async\" src=\"https:\/\/minkanaforest.foundation\/wp-content\/uploads\/2026\/08\/5.jpg\" alt=\"\" class=\"wp-image-7546\"\/><\/figure>\n\n\n\n<p class=\"wp-block-paragraph\">Para Minkana Forest Foundation, llegar hasta cada comunidad va mucho m\u00e1s all\u00e1 de desarrollar una actividad. Significa compartir tiempo, escuchar, aprender de quienes habitan la Amazon\u00eda y caminar junto a ellos con un mismo prop\u00f3sito: cuidar y amar la selva para que las nuevas generaciones puedan seguir llam\u00e1ndola hogar. Ese es el motor que impulsa cada recorrido, incluso cuando el camino es m\u00e1s largo y las condiciones representan un desaf\u00edo.<\/p>\n\n\n\n<figure class=\"wp-block-image size-full\"><img decoding=\"async\" src=\"https:\/\/minkanaforest.foundation\/wp-content\/uploads\/2026\/08\/9.jpg\" alt=\"\" class=\"wp-image-7550\"\/><\/figure>\n\n\n\n<figure class=\"wp-block-image size-large\"><img loading=\"lazy\" decoding=\"async\" width=\"1024\" height=\"683\" src=\"https:\/\/minkanaforest.foundation\/wp-content\/uploads\/2026\/08\/1-1024x683.jpg\" alt=\"\" class=\"wp-image-7542\" srcset=\"https:\/\/minkanaforest.foundation\/wp-content\/uploads\/2026\/08\/1-1024x683.jpg 1024w, https:\/\/minkanaforest.foundation\/wp-content\/uploads\/2026\/08\/1-300x200.jpg 300w, https:\/\/minkanaforest.foundation\/wp-content\/uploads\/2026\/08\/1-768x512.jpg 768w, https:\/\/minkanaforest.foundation\/wp-content\/uploads\/2026\/08\/1-1536x1024.jpg 1536w, https:\/\/minkanaforest.foundation\/wp-content\/uploads\/2026\/08\/1-2048x1365.jpg 2048w, https:\/\/minkanaforest.foundation\/wp-content\/uploads\/2026\/08\/1-18x12.jpg 18w\" sizes=\"auto, (max-width: 1024px) 100vw, 1024px\" \/><\/figure>","protected":false},"excerpt":{"rendered":"<p>Las vacaciones escolares cambian el ritmo de las comunidades amaz\u00f3nicas. Muchos ni\u00f1os acompa\u00f1an a sus familias en las labores de las fincas, otros aprovechan estos d\u00edas para visitar a sus seres queridos y las rutinas diarias toman un rumbo diferente. Aun as\u00ed, este tiempo tambi\u00e9n abri\u00f3 un espacio para seguir compartiendo, aprendiendo y encontr\u00e1ndonos alrededor&#8230; <\/p>\n<div class=\"clear\"><\/div>\n<p><a href=\"https:\/\/minkanaforest.foundation\/en\/las-vacaciones-escolares-llegaron-pero-el-aprendizaje-continua\/\" class=\"excerpt-read-more\">Read More<\/a><\/p>","protected":false},"author":7,"featured_media":7547,"comment_status":"open","ping_status":"open","sticky":false,"template":"","format":"standard","meta":{"footnotes":""},"categories":[9],"tags":[],"class_list":["post-7541","post","type-post","status-publish","format-standard","has-post-thumbnail","hentry","category-notiguardianes"],"yoast_head":"<!-- This site is optimized with the Yoast SEO plugin v27.6 - https:\/\/yoast.com\/product\/yoast-seo-wordpress\/ -->\n<title>Las vacaciones escolares llegaron, pero el aprendizaje contin\u00faa\u2026 - Minkana Forest<\/title>\n<meta name=\"robots\" content=\"index, follow, max-snippet:-1, max-image-preview:large, max-video-preview:-1\" \/>\n<link rel=\"canonical\" href=\"https:\/\/minkanaforest.foundation\/en\/las-vacaciones-escolares-llegaron-pero-el-aprendizaje-continua\/\" \/>\n<meta property=\"og:locale\" content=\"en_US\" \/>\n<meta property=\"og:type\" content=\"article\" \/>\n<meta property=\"og:title\" content=\"Las vacaciones escolares llegaron, pero el aprendizaje contin\u00faa\u2026 - Minkana Forest\" \/>\n<meta property=\"og:description\" content=\"Las vacaciones escolares cambian el ritmo de las comunidades amaz\u00f3nicas. Muchos ni\u00f1os acompa\u00f1an a sus familias en las labores de las fincas, otros aprovechan estos d\u00edas para visitar a sus seres queridos y las rutinas diarias toman un rumbo diferente. Aun as\u00ed, este tiempo tambi\u00e9n abri\u00f3 un espacio para seguir compartiendo, aprendiendo y encontr\u00e1ndonos alrededor... Read More\" \/>\n<meta property=\"og:url\" content=\"https:\/\/minkanaforest.foundation\/en\/las-vacaciones-escolares-llegaron-pero-el-aprendizaje-continua\/\" \/>\n<meta property=\"og:site_name\" content=\"Minkana Forest\" \/>\n<meta property=\"article:publisher\" content=\"https:\/\/www.facebook.com\/minkanaforest\/\" \/>\n<meta property=\"article:published_time\" content=\"2026-08-17T19:37:40+00:00\" \/>\n<meta property=\"article:modified_time\" content=\"2026-08-17T19:37:42+00:00\" \/>\n<meta property=\"og:image\" content=\"https:\/\/minkanaforest.foundation\/wp-content\/uploads\/2026\/08\/6-scaled.jpg\" \/>\n\t<meta property=\"og:image:width\" content=\"2560\" \/>\n\t<meta property=\"og:image:height\" content=\"1706\" \/>\n\t<meta property=\"og:image:type\" content=\"image\/jpeg\" \/>\n<meta name=\"author\" content=\"Olenka Montenegro\" \/>\n<meta name=\"twitter:card\" content=\"summary_large_image\" \/>\n<meta name=\"twitter:label1\" content=\"Written by\" \/>\n\t<meta name=\"twitter:data1\" content=\"Olenka Montenegro\" \/>\n\t<meta name=\"twitter:label2\" content=\"Est. reading time\" \/>\n\t<meta name=\"twitter:data2\" content=\"4 minutes\" \/>\n<script type=\"application\/ld+json\" class=\"yoast-schema-graph\">{\"@context\":\"https:\\\/\\\/schema.org\",\"@graph\":[{\"@type\":\"Article\",\"@id\":\"https:\\\/\\\/minkanaforest.foundation\\\/las-vacaciones-escolares-llegaron-pero-el-aprendizaje-continua\\\/#article\",\"isPartOf\":{\"@id\":\"https:\\\/\\\/minkanaforest.foundation\\\/las-vacaciones-escolares-llegaron-pero-el-aprendizaje-continua\\\/\"},\"author\":{\"name\":\"Olenka Montenegro\",\"@id\":\"https:\\\/\\\/minkanaforest.foundation\\\/#\\\/schema\\\/person\\\/7d4de5369b967d06ea06c6cc42764a52\"},\"headline\":\"Las vacaciones escolares llegaron, pero el aprendizaje contin\u00faa\u2026\",\"datePublished\":\"2026-08-17T19:37:40+00:00\",\"dateModified\":\"2026-08-17T19:37:42+00:00\",\"mainEntityOfPage\":{\"@id\":\"https:\\\/\\\/minkanaforest.foundation\\\/las-vacaciones-escolares-llegaron-pero-el-aprendizaje-continua\\\/\"},\"wordCount\":391,\"commentCount\":0,\"publisher\":{\"@id\":\"https:\\\/\\\/minkanaforest.foundation\\\/#organization\"},\"image\":{\"@id\":\"https:\\\/\\\/minkanaforest.foundation\\\/las-vacaciones-escolares-llegaron-pero-el-aprendizaje-continua\\\/#primaryimage\"},\"thumbnailUrl\":\"https:\\\/\\\/minkanaforest.foundation\\\/wp-content\\\/uploads\\\/2026\\\/08\\\/6-scaled.jpg\",\"articleSection\":[\"Noti Guardianes\"],\"inLanguage\":\"en-US\",\"potentialAction\":[{\"@type\":\"CommentAction\",\"name\":\"Comment\",\"target\":[\"https:\\\/\\\/minkanaforest.foundation\\\/las-vacaciones-escolares-llegaron-pero-el-aprendizaje-continua\\\/#respond\"]}]},{\"@type\":\"WebPage\",\"@id\":\"https:\\\/\\\/minkanaforest.foundation\\\/las-vacaciones-escolares-llegaron-pero-el-aprendizaje-continua\\\/\",\"url\":\"https:\\\/\\\/minkanaforest.foundation\\\/las-vacaciones-escolares-llegaron-pero-el-aprendizaje-continua\\\/\",\"name\":\"Las vacaciones escolares llegaron, pero el aprendizaje contin\u00faa\u2026 - Minkana Forest\",\"isPartOf\":{\"@id\":\"https:\\\/\\\/minkanaforest.foundation\\\/#website\"},\"primaryImageOfPage\":{\"@id\":\"https:\\\/\\\/minkanaforest.foundation\\\/las-vacaciones-escolares-llegaron-pero-el-aprendizaje-continua\\\/#primaryimage\"},\"image\":{\"@id\":\"https:\\\/\\\/minkanaforest.foundation\\\/las-vacaciones-escolares-llegaron-pero-el-aprendizaje-continua\\\/#primaryimage\"},\"thumbnailUrl\":\"https:\\\/\\\/minkanaforest.foundation\\\/wp-content\\\/uploads\\\/2026\\\/08\\\/6-scaled.jpg\",\"datePublished\":\"2026-08-17T19:37:40+00:00\",\"dateModified\":\"2026-08-17T19:37:42+00:00\",\"breadcrumb\":{\"@id\":\"https:\\\/\\\/minkanaforest.foundation\\\/las-vacaciones-escolares-llegaron-pero-el-aprendizaje-continua\\\/#breadcrumb\"},\"inLanguage\":\"en-US\",\"potentialAction\":[{\"@type\":\"ReadAction\",\"target\":[\"https:\\\/\\\/minkanaforest.foundation\\\/las-vacaciones-escolares-llegaron-pero-el-aprendizaje-continua\\\/\"]}]},{\"@type\":\"ImageObject\",\"inLanguage\":\"en-US\",\"@id\":\"https:\\\/\\\/minkanaforest.foundation\\\/las-vacaciones-escolares-llegaron-pero-el-aprendizaje-continua\\\/#primaryimage\",\"url\":\"https:\\\/\\\/minkanaforest.foundation\\\/wp-content\\\/uploads\\\/2026\\\/08\\\/6-scaled.jpg\",\"contentUrl\":\"https:\\\/\\\/minkanaforest.foundation\\\/wp-content\\\/uploads\\\/2026\\\/08\\\/6-scaled.jpg\",\"width\":2560,\"height\":1706},{\"@type\":\"BreadcrumbList\",\"@id\":\"https:\\\/\\\/minkanaforest.foundation\\\/las-vacaciones-escolares-llegaron-pero-el-aprendizaje-continua\\\/#breadcrumb\",\"itemListElement\":[{\"@type\":\"ListItem\",\"position\":1,\"name\":\"Portada\",\"item\":\"https:\\\/\\\/minkanaforest.foundation\\\/\"},{\"@type\":\"ListItem\",\"position\":2,\"name\":\"Las vacaciones escolares llegaron, pero el aprendizaje contin\u00faa\u2026\"}]},{\"@type\":\"WebSite\",\"@id\":\"https:\\\/\\\/minkanaforest.foundation\\\/#website\",\"url\":\"https:\\\/\\\/minkanaforest.foundation\\\/\",\"name\":\"Minkana Forest\",\"description\":\"Foundation\",\"publisher\":{\"@id\":\"https:\\\/\\\/minkanaforest.foundation\\\/#organization\"},\"potentialAction\":[{\"@type\":\"SearchAction\",\"target\":{\"@type\":\"EntryPoint\",\"urlTemplate\":\"https:\\\/\\\/minkanaforest.foundation\\\/?s={search_term_string}\"},\"query-input\":{\"@type\":\"PropertyValueSpecification\",\"valueRequired\":true,\"valueName\":\"search_term_string\"}}],\"inLanguage\":\"en-US\"},{\"@type\":\"Organization\",\"@id\":\"https:\\\/\\\/minkanaforest.foundation\\\/#organization\",\"name\":\"Minkana Forest Foundation\",\"url\":\"https:\\\/\\\/minkanaforest.foundation\\\/\",\"logo\":{\"@type\":\"ImageObject\",\"inLanguage\":\"en-US\",\"@id\":\"https:\\\/\\\/minkanaforest.foundation\\\/#\\\/schema\\\/logo\\\/image\\\/\",\"url\":\"https:\\\/\\\/minkanaforest.foundation\\\/wp-content\\\/uploads\\\/2022\\\/01\\\/Logo-Minkana-2.png\",\"contentUrl\":\"https:\\\/\\\/minkanaforest.foundation\\\/wp-content\\\/uploads\\\/2022\\\/01\\\/Logo-Minkana-2.png\",\"width\":443,\"height\":111,\"caption\":\"Minkana Forest Foundation\"},\"image\":{\"@id\":\"https:\\\/\\\/minkanaforest.foundation\\\/#\\\/schema\\\/logo\\\/image\\\/\"},\"sameAs\":[\"https:\\\/\\\/www.facebook.com\\\/minkanaforest\\\/\",\"https:\\\/\\\/www.instagram.com\\\/minkanaforest\\\/\",\"https:\\\/\\\/www.youtube.com\\\/channel\\\/UCHpReOVQpau6dXsvLyLzLmg\\\/playlists\"]},{\"@type\":\"Person\",\"@id\":\"https:\\\/\\\/minkanaforest.foundation\\\/#\\\/schema\\\/person\\\/7d4de5369b967d06ea06c6cc42764a52\",\"name\":\"Olenka Montenegro\",\"image\":{\"@type\":\"ImageObject\",\"inLanguage\":\"en-US\",\"@id\":\"https:\\\/\\\/secure.gravatar.com\\\/avatar\\\/09c78d96a97f05459fb3fc7e5454bff2b1a4b9bf92e8f0e07a9744b5ecc72eec?s=96&d=mm&r=g\",\"url\":\"https:\\\/\\\/secure.gravatar.com\\\/avatar\\\/09c78d96a97f05459fb3fc7e5454bff2b1a4b9bf92e8f0e07a9744b5ecc72eec?s=96&d=mm&r=g\",\"contentUrl\":\"https:\\\/\\\/secure.gravatar.com\\\/avatar\\\/09c78d96a97f05459fb3fc7e5454bff2b1a4b9bf92e8f0e07a9744b5ecc72eec?s=96&d=mm&r=g\",\"caption\":\"Olenka Montenegro\"},\"url\":\"https:\\\/\\\/minkanaforest.foundation\\\/en\\\/author\\\/olenka\\\/\"}]}<\/script>\n<!-- \/ Yoast SEO plugin. -->","yoast_head_json":{"title":"Las vacaciones escolares llegaron, pero el aprendizaje contin\u00faa\u2026 - Minkana Forest","robots":{"index":"index","follow":"follow","max-snippet":"max-snippet:-1","max-image-preview":"max-image-preview:large","max-video-preview":"max-video-preview:-1"},"canonical":"https:\/\/minkanaforest.foundation\/en\/las-vacaciones-escolares-llegaron-pero-el-aprendizaje-continua\/","og_locale":"en_US","og_type":"article","og_title":"Las vacaciones escolares llegaron, pero el aprendizaje contin\u00faa\u2026 - Minkana Forest","og_description":"Las vacaciones escolares cambian el ritmo de las comunidades amaz\u00f3nicas. Muchos ni\u00f1os acompa\u00f1an a sus familias en las labores de las fincas, otros aprovechan estos d\u00edas para visitar a sus seres queridos y las rutinas diarias toman un rumbo diferente. Aun as\u00ed, este tiempo tambi\u00e9n abri\u00f3 un espacio para seguir compartiendo, aprendiendo y encontr\u00e1ndonos alrededor... Read More","og_url":"https:\/\/minkanaforest.foundation\/en\/las-vacaciones-escolares-llegaron-pero-el-aprendizaje-continua\/","og_site_name":"Minkana Forest","article_publisher":"https:\/\/www.facebook.com\/minkanaforest\/","article_published_time":"2026-08-17T19:37:40+00:00","article_modified_time":"2026-08-17T19:37:42+00:00","og_image":[{"width":2560,"height":1706,"url":"https:\/\/minkanaforest.foundation\/wp-content\/uploads\/2026\/08\/6-scaled.jpg","type":"image\/jpeg"}],"author":"Olenka Montenegro","twitter_card":"summary_large_image","twitter_misc":{"Written by":"Olenka Montenegro","Est. reading time":"4 minutes"},"schema":{"@context":"https:\/\/schema.org","@graph":[{"@type":"Article","@id":"https:\/\/minkanaforest.foundation\/las-vacaciones-escolares-llegaron-pero-el-aprendizaje-continua\/#article","isPartOf":{"@id":"https:\/\/minkanaforest.foundation\/las-vacaciones-escolares-llegaron-pero-el-aprendizaje-continua\/"},"author":{"name":"Olenka Montenegro","@id":"https:\/\/minkanaforest.foundation\/#\/schema\/person\/7d4de5369b967d06ea06c6cc42764a52"},"headline":"Las vacaciones escolares llegaron, pero el aprendizaje contin\u00faa\u2026","datePublished":"2026-08-17T19:37:40+00:00","dateModified":"2026-08-17T19:37:42+00:00","mainEntityOfPage":{"@id":"https:\/\/minkanaforest.foundation\/las-vacaciones-escolares-llegaron-pero-el-aprendizaje-continua\/"},"wordCount":391,"commentCount":0,"publisher":{"@id":"https:\/\/minkanaforest.foundation\/#organization"},"image":{"@id":"https:\/\/minkanaforest.foundation\/las-vacaciones-escolares-llegaron-pero-el-aprendizaje-continua\/#primaryimage"},"thumbnailUrl":"https:\/\/minkanaforest.foundation\/wp-content\/uploads\/2026\/08\/6-scaled.jpg","articleSection":["Noti Guardianes"],"inLanguage":"en-US","potentialAction":[{"@type":"CommentAction","name":"Comment","target":["https:\/\/minkanaforest.foundation\/las-vacaciones-escolares-llegaron-pero-el-aprendizaje-continua\/#respond"]}]},{"@type":"WebPage","@id":"https:\/\/minkanaforest.foundation\/las-vacaciones-escolares-llegaron-pero-el-aprendizaje-continua\/","url":"https:\/\/minkanaforest.foundation\/las-vacaciones-escolares-llegaron-pero-el-aprendizaje-continua\/","name":"Las vacaciones escolares llegaron, pero el aprendizaje contin\u00faa\u2026 - Minkana Forest","isPartOf":{"@id":"https:\/\/minkanaforest.foundation\/#website"},"primaryImageOfPage":{"@id":"https:\/\/minkanaforest.foundation\/las-vacaciones-escolares-llegaron-pero-el-aprendizaje-continua\/#primaryimage"},"image":{"@id":"https:\/\/minkanaforest.foundation\/las-vacaciones-escolares-llegaron-pero-el-aprendizaje-continua\/#primaryimage"},"thumbnailUrl":"https:\/\/minkanaforest.foundation\/wp-content\/uploads\/2026\/08\/6-scaled.jpg","datePublished":"2026-08-17T19:37:40+00:00","dateModified":"2026-08-17T19:37:42+00:00","breadcrumb":{"@id":"https:\/\/minkanaforest.foundation\/las-vacaciones-escolares-llegaron-pero-el-aprendizaje-continua\/#breadcrumb"},"inLanguage":"en-US","potentialAction":[{"@type":"ReadAction","target":["https:\/\/minkanaforest.foundation\/las-vacaciones-escolares-llegaron-pero-el-aprendizaje-continua\/"]}]},{"@type":"ImageObject","inLanguage":"en-US","@id":"https:\/\/minkanaforest.foundation\/las-vacaciones-escolares-llegaron-pero-el-aprendizaje-continua\/#primaryimage","url":"https:\/\/minkanaforest.foundation\/wp-content\/uploads\/2026\/08\/6-scaled.jpg","contentUrl":"https:\/\/minkanaforest.foundation\/wp-content\/uploads\/2026\/08\/6-scaled.jpg","width":2560,"height":1706},{"@type":"BreadcrumbList","@id":"https:\/\/minkanaforest.foundation\/las-vacaciones-escolares-llegaron-pero-el-aprendizaje-continua\/#breadcrumb","itemListElement":[{"@type":"ListItem","position":1,"name":"Portada","item":"https:\/\/minkanaforest.foundation\/"},{"@type":"ListItem","position":2,"name":"Las vacaciones escolares llegaron, pero el aprendizaje contin\u00faa\u2026"}]},{"@type":"WebSite","@id":"https:\/\/minkanaforest.foundation\/#website","url":"https:\/\/minkanaforest.foundation\/","name":"Minkana Forest","description":"Foundation","publisher":{"@id":"https:\/\/minkanaforest.foundation\/#organization"},"potentialAction":[{"@type":"SearchAction","target":{"@type":"EntryPoint","urlTemplate":"https:\/\/minkanaforest.foundation\/?s={search_term_string}"},"query-input":{"@type":"PropertyValueSpecification","valueRequired":true,"valueName":"search_term_string"}}],"inLanguage":"en-US"},{"@type":"Organization","@id":"https:\/\/minkanaforest.foundation\/#organization","name":"Minkana Forest Foundation","url":"https:\/\/minkanaforest.foundation\/","logo":{"@type":"ImageObject","inLanguage":"en-US","@id":"https:\/\/minkanaforest.foundation\/#\/schema\/logo\/image\/","url":"https:\/\/minkanaforest.foundation\/wp-content\/uploads\/2022\/01\/Logo-Minkana-2.png","contentUrl":"https:\/\/minkanaforest.foundation\/wp-content\/uploads\/2022\/01\/Logo-Minkana-2.png","width":443,"height":111,"caption":"Minkana Forest Foundation"},"image":{"@id":"https:\/\/minkanaforest.foundation\/#\/schema\/logo\/image\/"},"sameAs":["https:\/\/www.facebook.com\/minkanaforest\/","https:\/\/www.instagram.com\/minkanaforest\/","https:\/\/www.youtube.com\/channel\/UCHpReOVQpau6dXsvLyLzLmg\/playlists"]},{"@type":"Person","@id":"https:\/\/minkanaforest.foundation\/#\/schema\/person\/7d4de5369b967d06ea06c6cc42764a52","name":"Olenka Montenegro","image":{"@type":"ImageObject","inLanguage":"en-US","@id":"https:\/\/secure.gravatar.com\/avatar\/09c78d96a97f05459fb3fc7e5454bff2b1a4b9bf92e8f0e07a9744b5ecc72eec?s=96&d=mm&r=g","url":"https:\/\/secure.gravatar.com\/avatar\/09c78d96a97f05459fb3fc7e5454bff2b1a4b9bf92e8f0e07a9744b5ecc72eec?s=96&d=mm&r=g","contentUrl":"https:\/\/secure.gravatar.com\/avatar\/09c78d96a97f05459fb3fc7e5454bff2b1a4b9bf92e8f0e07a9744b5ecc72eec?s=96&d=mm&r=g","caption":"Olenka Montenegro"},"url":"https:\/\/minkanaforest.foundation\/en\/author\/olenka\/"}]}},"_links":{"self":[{"href":"https:\/\/minkanaforest.foundation\/en\/wp-json\/wp\/v2\/posts\/7541","targetHints":{"allow":["GET"]}}],"collection":[{"href":"https:\/\/minkanaforest.foundation\/en\/wp-json\/wp\/v2\/posts"}],"about":[{"href":"https:\/\/minkanaforest.foundation\/en\/wp-json\/wp\/v2\/types\/post"}],"author":[{"embeddable":true,"href":"https:\/\/minkanaforest.foundation\/en\/wp-json\/wp\/v2\/users\/7"}],"replies":[{"embeddable":true,"href":"https:\/\/minkanaforest.foundation\/en\/wp-json\/wp\/v2\/comments?post=7541"}],"version-history":[{"count":2,"href":"https:\/\/minkanaforest.foundation\/en\/wp-json\/wp\/v2\/posts\/7541\/revisions"}],"predecessor-version":[{"id":7553,"href":"https:\/\/minkanaforest.foundation\/en\/wp-json\/wp\/v2\/posts\/7541\/revisions\/7553"}],"wp:featuredmedia":[{"embeddable":true,"href":"https:\/\/minkanaforest.foundation\/en\/wp-json\/wp\/v2\/media\/7547"}],"wp:attachment":[{"href":"https:\/\/minkanaforest.foundation\/en\/wp-json\/wp\/v2\/media?parent=7541"}],"wp:term":[{"taxonomy":"category","embeddable":true,"href":"https:\/\/minkanaforest.foundation\/en\/wp-json\/wp\/v2\/categories?post=7541"},{"taxonomy":"post_tag","embeddable":true,"href":"https:\/\/minkanaforest.foundation\/en\/wp-json\/wp\/v2\/tags?post=7541"}],"curies":[{"name":"wp","href":"https:\/\/api.w.org\/{rel}","templated":true}]}}