{"id":7555,"date":"2026-08-31T16:17:51","date_gmt":"2026-08-31T16:17:51","guid":{"rendered":"https:\/\/minkanaforest.foundation\/?p=7555"},"modified":"2026-08-31T16:18:39","modified_gmt":"2026-08-31T16:18:39","slug":"retos-en-territorio-compromiso-que-se-mantiene","status":"publish","type":"post","link":"https:\/\/minkanaforest.foundation\/en\/retos-en-territorio-compromiso-que-se-mantiene\/","title":{"rendered":"Retos en territorio: compromiso que se mantiene"},"content":{"rendered":"<p class=\"wp-block-paragraph\">El trabajo en territorio requiere mucho m\u00e1s que llegar a una comunidad. Cada jornada de Guardianes de la Naturaleza comienza previamente con la planificaci\u00f3n desde oficina: preparaci\u00f3n de contenidos, organizaci\u00f3n de materiales l\u00fadicos, coordinaci\u00f3n log\u00edstica, refrigerios y distribuci\u00f3n de responsabilidades entre el equipo.<\/p>\n\n\n\n<figure class=\"wp-block-image size-full\"><img decoding=\"async\" src=\"https:\/\/minkanaforest.foundation\/wp-content\/uploads\/2026\/08\/DSC07495.jpeg\" alt=\"\" class=\"wp-image-7567\"\/><\/figure>\n\n\n\n<p class=\"wp-block-paragraph\">En comunidades como&nbsp;Carashino, las condiciones clim\u00e1ticas pueden modificar por completo lo previsto. Habitualmente, el acceso se realiza en la buseta institucional atravesando un riachuelo; sin embargo, cuando las lluvias incrementan su caudal, el paso vehicular deja de ser posible y parte del recorrido debe realizarse a pie, cruzando un estrecho puente de madera que presenta condiciones complejas.<\/p>\n\n\n\n<figure class=\"wp-block-image size-large\"><img loading=\"lazy\" decoding=\"async\" width=\"2560\" height=\"1357\" src=\"https:\/\/minkanaforest.foundation\/wp-content\/uploads\/2026\/08\/DSC06690-edited-scaled.jpg\" alt=\"\" class=\"wp-image-7564\" srcset=\"https:\/\/minkanaforest.foundation\/wp-content\/uploads\/2026\/08\/DSC06690-edited-scaled.jpg 2560w, https:\/\/minkanaforest.foundation\/wp-content\/uploads\/2026\/08\/DSC06690-edited-300x159.jpg 300w, https:\/\/minkanaforest.foundation\/wp-content\/uploads\/2026\/08\/DSC06690-edited-1024x543.jpg 1024w, https:\/\/minkanaforest.foundation\/wp-content\/uploads\/2026\/08\/DSC06690-edited-768x407.jpg 768w, https:\/\/minkanaforest.foundation\/wp-content\/uploads\/2026\/08\/DSC06690-edited-1536x814.jpg 1536w, https:\/\/minkanaforest.foundation\/wp-content\/uploads\/2026\/08\/DSC06690-edited-2048x1086.jpg 2048w, https:\/\/minkanaforest.foundation\/wp-content\/uploads\/2026\/08\/DSC06690-edited-18x10.jpg 18w\" sizes=\"auto, (max-width: 2560px) 100vw, 2560px\" \/><\/figure>\n\n\n\n<p class=\"wp-block-paragraph\">Esta experiencia tambi\u00e9n permite comprender una realidad que las familias de la comunidad enfrentan de manera cotidiana: las dificultades de movilidad y acceso forman parte de su d\u00eda a d\u00eda. Para nuestro equipo, estas condiciones no significaron detener la jornada. Los materiales educativos, implementos para las din\u00e1micas y refrigerios fueron trasladados hasta la comunidad. Debido a las limitaciones del trayecto, no fue posible llevar la televisi\u00f3n utilizada como apoyo audiovisual; no obstante, la metodolog\u00eda fue adaptada y la capacitaci\u00f3n se desarroll\u00f3 con total normalidad.<\/p>\n\n\n\n<figure class=\"wp-block-image size-large\"><img loading=\"lazy\" decoding=\"async\" width=\"1024\" height=\"683\" src=\"https:\/\/minkanaforest.foundation\/wp-content\/uploads\/2026\/08\/DSC06717-1024x683.jpg\" alt=\"\" class=\"wp-image-7558\" srcset=\"https:\/\/minkanaforest.foundation\/wp-content\/uploads\/2026\/08\/DSC06717-1024x683.jpg 1024w, https:\/\/minkanaforest.foundation\/wp-content\/uploads\/2026\/08\/DSC06717-300x200.jpg 300w, https:\/\/minkanaforest.foundation\/wp-content\/uploads\/2026\/08\/DSC06717-768x512.jpg 768w, https:\/\/minkanaforest.foundation\/wp-content\/uploads\/2026\/08\/DSC06717-1536x1024.jpg 1536w, https:\/\/minkanaforest.foundation\/wp-content\/uploads\/2026\/08\/DSC06717-2048x1365.jpg 2048w, https:\/\/minkanaforest.foundation\/wp-content\/uploads\/2026\/08\/DSC06717-18x12.jpg 18w\" sizes=\"auto, (max-width: 1024px) 100vw, 1024px\" \/><\/figure>\n\n\n\n<p class=\"wp-block-paragraph\">A trav\u00e9s de explicaciones, preguntas, actividades pr\u00e1cticas y participaci\u00f3n directa, ni\u00f1as, ni\u00f1os y familias recibieron los contenidos previstos y se involucraron activamente durante el encuentro.<\/p>\n\n\n\n<figure class=\"wp-block-image size-full\"><img decoding=\"async\" src=\"https:\/\/minkanaforest.foundation\/wp-content\/uploads\/2026\/08\/DSC06753.jpg\" alt=\"\" class=\"wp-image-7559\"\/><\/figure>\n\n\n\n<p class=\"wp-block-paragraph\">Cada salida nos recuerda que trabajar en territorio tambi\u00e9n significa saber adaptarse. Las condiciones pueden cambiar, pero el prop\u00f3sito se mantiene: llegar preparados, trabajar en equipo y garantizar que cada comunidad reciba una experiencia educativa clara, cercana y de calidad.<\/p>\n\n\n\n<figure class=\"wp-block-image size-full\"><img decoding=\"async\" src=\"https:\/\/minkanaforest.foundation\/wp-content\/uploads\/2026\/08\/DSC06710.jpg\" alt=\"\" class=\"wp-image-7557\"\/><\/figure>\n\n\n\n<p class=\"wp-block-paragraph\">Carashino nos deja, adem\u00e1s, una valiosa reflexi\u00f3n: conocer el territorio es tambi\u00e9n acercarnos a la realidad de quienes lo habitan. Y es precisamente desde esa cercan\u00eda donde nuestro trabajo adquiere su mayor sentido.<\/p>\n\n\n\n<figure class=\"wp-block-image size-large\"><img loading=\"lazy\" decoding=\"async\" width=\"1024\" height=\"682\" src=\"https:\/\/minkanaforest.foundation\/wp-content\/uploads\/2026\/08\/DSC06766-1024x682.jpg\" alt=\"\" class=\"wp-image-7560\" srcset=\"https:\/\/minkanaforest.foundation\/wp-content\/uploads\/2026\/08\/DSC06766-1024x682.jpg 1024w, https:\/\/minkanaforest.foundation\/wp-content\/uploads\/2026\/08\/DSC06766-300x200.jpg 300w, https:\/\/minkanaforest.foundation\/wp-content\/uploads\/2026\/08\/DSC06766-768x512.jpg 768w, https:\/\/minkanaforest.foundation\/wp-content\/uploads\/2026\/08\/DSC06766-1536x1024.jpg 1536w, https:\/\/minkanaforest.foundation\/wp-content\/uploads\/2026\/08\/DSC06766-2048x1365.jpg 2048w, https:\/\/minkanaforest.foundation\/wp-content\/uploads\/2026\/08\/DSC06766-18x12.jpg 18w\" sizes=\"auto, (max-width: 1024px) 100vw, 1024px\" \/><\/figure>","protected":false},"excerpt":{"rendered":"<p>El trabajo en territorio requiere mucho m\u00e1s que llegar a una comunidad. Cada jornada de Guardianes de la Naturaleza comienza previamente con la planificaci\u00f3n desde oficina: preparaci\u00f3n de contenidos, organizaci\u00f3n de materiales l\u00fadicos, coordinaci\u00f3n log\u00edstica, refrigerios y distribuci\u00f3n de responsabilidades entre el equipo. En comunidades como&nbsp;Carashino, las condiciones clim\u00e1ticas pueden modificar por completo lo previsto&#8230;. <\/p>\n<div class=\"clear\"><\/div>\n<p><a href=\"https:\/\/minkanaforest.foundation\/en\/retos-en-territorio-compromiso-que-se-mantiene\/\" class=\"excerpt-read-more\">Read More<\/a><\/p>","protected":false},"author":7,"featured_media":7560,"comment_status":"open","ping_status":"open","sticky":false,"template":"","format":"standard","meta":{"footnotes":""},"categories":[1],"tags":[],"class_list":["post-7555","post","type-post","status-publish","format-standard","has-post-thumbnail","hentry","category-sin-categoria"],"yoast_head":"<!-- This site is optimized with the Yoast SEO plugin v27.6 - https:\/\/yoast.com\/product\/yoast-seo-wordpress\/ -->\n<title>Retos en territorio: compromiso que se mantiene - Minkana Forest<\/title>\n<meta name=\"robots\" content=\"index, follow, max-snippet:-1, max-image-preview:large, max-video-preview:-1\" \/>\n<link rel=\"canonical\" href=\"https:\/\/minkanaforest.foundation\/en\/retos-en-territorio-compromiso-que-se-mantiene\/\" \/>\n<meta property=\"og:locale\" content=\"en_US\" \/>\n<meta property=\"og:type\" content=\"article\" \/>\n<meta property=\"og:title\" content=\"Retos en territorio: compromiso que se mantiene - Minkana Forest\" \/>\n<meta property=\"og:description\" content=\"El trabajo en territorio requiere mucho m\u00e1s que llegar a una comunidad. Cada jornada de Guardianes de la Naturaleza comienza previamente con la planificaci\u00f3n desde oficina: preparaci\u00f3n de contenidos, organizaci\u00f3n de materiales l\u00fadicos, coordinaci\u00f3n log\u00edstica, refrigerios y distribuci\u00f3n de responsabilidades entre el equipo. En comunidades como&nbsp;Carashino, las condiciones clim\u00e1ticas pueden modificar por completo lo previsto.... Read More\" \/>\n<meta property=\"og:url\" content=\"https:\/\/minkanaforest.foundation\/en\/retos-en-territorio-compromiso-que-se-mantiene\/\" \/>\n<meta property=\"og:site_name\" content=\"Minkana Forest\" \/>\n<meta property=\"article:publisher\" content=\"https:\/\/www.facebook.com\/minkanaforest\/\" \/>\n<meta property=\"article:published_time\" content=\"2026-08-31T16:17:51+00:00\" \/>\n<meta property=\"article:modified_time\" content=\"2026-08-31T16:18:39+00:00\" \/>\n<meta property=\"og:image\" content=\"https:\/\/minkanaforest.foundation\/wp-content\/uploads\/2026\/08\/DSC06766-scaled.jpg\" \/>\n\t<meta property=\"og:image:width\" content=\"2560\" \/>\n\t<meta property=\"og:image:height\" content=\"1706\" \/>\n\t<meta property=\"og:image:type\" content=\"image\/jpeg\" \/>\n<meta name=\"author\" content=\"Olenka Montenegro\" \/>\n<meta name=\"twitter:card\" content=\"summary_large_image\" \/>\n<meta name=\"twitter:label1\" content=\"Written by\" \/>\n\t<meta name=\"twitter:data1\" content=\"Olenka Montenegro\" \/>\n\t<meta name=\"twitter:label2\" content=\"Est. reading time\" \/>\n\t<meta name=\"twitter:data2\" content=\"3 minutes\" \/>\n<script type=\"application\/ld+json\" class=\"yoast-schema-graph\">{\"@context\":\"https:\\\/\\\/schema.org\",\"@graph\":[{\"@type\":\"Article\",\"@id\":\"https:\\\/\\\/minkanaforest.foundation\\\/retos-en-territorio-compromiso-que-se-mantiene\\\/#article\",\"isPartOf\":{\"@id\":\"https:\\\/\\\/minkanaforest.foundation\\\/retos-en-territorio-compromiso-que-se-mantiene\\\/\"},\"author\":{\"name\":\"Olenka Montenegro\",\"@id\":\"https:\\\/\\\/minkanaforest.foundation\\\/#\\\/schema\\\/person\\\/7d4de5369b967d06ea06c6cc42764a52\"},\"headline\":\"Retos en territorio: compromiso que se mantiene\",\"datePublished\":\"2026-08-31T16:17:51+00:00\",\"dateModified\":\"2026-08-31T16:18:39+00:00\",\"mainEntityOfPage\":{\"@id\":\"https:\\\/\\\/minkanaforest.foundation\\\/retos-en-territorio-compromiso-que-se-mantiene\\\/\"},\"wordCount\":318,\"commentCount\":0,\"publisher\":{\"@id\":\"https:\\\/\\\/minkanaforest.foundation\\\/#organization\"},\"image\":{\"@id\":\"https:\\\/\\\/minkanaforest.foundation\\\/retos-en-territorio-compromiso-que-se-mantiene\\\/#primaryimage\"},\"thumbnailUrl\":\"https:\\\/\\\/minkanaforest.foundation\\\/wp-content\\\/uploads\\\/2026\\\/08\\\/DSC06766-scaled.jpg\",\"articleSection\":[\"Sin categor\u00eda\"],\"inLanguage\":\"en-US\",\"potentialAction\":[{\"@type\":\"CommentAction\",\"name\":\"Comment\",\"target\":[\"https:\\\/\\\/minkanaforest.foundation\\\/retos-en-territorio-compromiso-que-se-mantiene\\\/#respond\"]}]},{\"@type\":\"WebPage\",\"@id\":\"https:\\\/\\\/minkanaforest.foundation\\\/retos-en-territorio-compromiso-que-se-mantiene\\\/\",\"url\":\"https:\\\/\\\/minkanaforest.foundation\\\/retos-en-territorio-compromiso-que-se-mantiene\\\/\",\"name\":\"Retos en territorio: compromiso que se mantiene - Minkana Forest\",\"isPartOf\":{\"@id\":\"https:\\\/\\\/minkanaforest.foundation\\\/#website\"},\"primaryImageOfPage\":{\"@id\":\"https:\\\/\\\/minkanaforest.foundation\\\/retos-en-territorio-compromiso-que-se-mantiene\\\/#primaryimage\"},\"image\":{\"@id\":\"https:\\\/\\\/minkanaforest.foundation\\\/retos-en-territorio-compromiso-que-se-mantiene\\\/#primaryimage\"},\"thumbnailUrl\":\"https:\\\/\\\/minkanaforest.foundation\\\/wp-content\\\/uploads\\\/2026\\\/08\\\/DSC06766-scaled.jpg\",\"datePublished\":\"2026-08-31T16:17:51+00:00\",\"dateModified\":\"2026-08-31T16:18:39+00:00\",\"breadcrumb\":{\"@id\":\"https:\\\/\\\/minkanaforest.foundation\\\/retos-en-territorio-compromiso-que-se-mantiene\\\/#breadcrumb\"},\"inLanguage\":\"en-US\",\"potentialAction\":[{\"@type\":\"ReadAction\",\"target\":[\"https:\\\/\\\/minkanaforest.foundation\\\/retos-en-territorio-compromiso-que-se-mantiene\\\/\"]}]},{\"@type\":\"ImageObject\",\"inLanguage\":\"en-US\",\"@id\":\"https:\\\/\\\/minkanaforest.foundation\\\/retos-en-territorio-compromiso-que-se-mantiene\\\/#primaryimage\",\"url\":\"https:\\\/\\\/minkanaforest.foundation\\\/wp-content\\\/uploads\\\/2026\\\/08\\\/DSC06766-scaled.jpg\",\"contentUrl\":\"https:\\\/\\\/minkanaforest.foundation\\\/wp-content\\\/uploads\\\/2026\\\/08\\\/DSC06766-scaled.jpg\",\"width\":2560,\"height\":1706},{\"@type\":\"BreadcrumbList\",\"@id\":\"https:\\\/\\\/minkanaforest.foundation\\\/retos-en-territorio-compromiso-que-se-mantiene\\\/#breadcrumb\",\"itemListElement\":[{\"@type\":\"ListItem\",\"position\":1,\"name\":\"Portada\",\"item\":\"https:\\\/\\\/minkanaforest.foundation\\\/\"},{\"@type\":\"ListItem\",\"position\":2,\"name\":\"Retos en territorio: compromiso que se mantiene\"}]},{\"@type\":\"WebSite\",\"@id\":\"https:\\\/\\\/minkanaforest.foundation\\\/#website\",\"url\":\"https:\\\/\\\/minkanaforest.foundation\\\/\",\"name\":\"Minkana Forest\",\"description\":\"Foundation\",\"publisher\":{\"@id\":\"https:\\\/\\\/minkanaforest.foundation\\\/#organization\"},\"potentialAction\":[{\"@type\":\"SearchAction\",\"target\":{\"@type\":\"EntryPoint\",\"urlTemplate\":\"https:\\\/\\\/minkanaforest.foundation\\\/?s={search_term_string}\"},\"query-input\":{\"@type\":\"PropertyValueSpecification\",\"valueRequired\":true,\"valueName\":\"search_term_string\"}}],\"inLanguage\":\"en-US\"},{\"@type\":\"Organization\",\"@id\":\"https:\\\/\\\/minkanaforest.foundation\\\/#organization\",\"name\":\"Minkana Forest Foundation\",\"url\":\"https:\\\/\\\/minkanaforest.foundation\\\/\",\"logo\":{\"@type\":\"ImageObject\",\"inLanguage\":\"en-US\",\"@id\":\"https:\\\/\\\/minkanaforest.foundation\\\/#\\\/schema\\\/logo\\\/image\\\/\",\"url\":\"https:\\\/\\\/minkanaforest.foundation\\\/wp-content\\\/uploads\\\/2022\\\/01\\\/Logo-Minkana-2.png\",\"contentUrl\":\"https:\\\/\\\/minkanaforest.foundation\\\/wp-content\\\/uploads\\\/2022\\\/01\\\/Logo-Minkana-2.png\",\"width\":443,\"height\":111,\"caption\":\"Minkana Forest Foundation\"},\"image\":{\"@id\":\"https:\\\/\\\/minkanaforest.foundation\\\/#\\\/schema\\\/logo\\\/image\\\/\"},\"sameAs\":[\"https:\\\/\\\/www.facebook.com\\\/minkanaforest\\\/\",\"https:\\\/\\\/www.instagram.com\\\/minkanaforest\\\/\",\"https:\\\/\\\/www.youtube.com\\\/channel\\\/UCHpReOVQpau6dXsvLyLzLmg\\\/playlists\"]},{\"@type\":\"Person\",\"@id\":\"https:\\\/\\\/minkanaforest.foundation\\\/#\\\/schema\\\/person\\\/7d4de5369b967d06ea06c6cc42764a52\",\"name\":\"Olenka Montenegro\",\"image\":{\"@type\":\"ImageObject\",\"inLanguage\":\"en-US\",\"@id\":\"https:\\\/\\\/secure.gravatar.com\\\/avatar\\\/09c78d96a97f05459fb3fc7e5454bff2b1a4b9bf92e8f0e07a9744b5ecc72eec?s=96&d=mm&r=g\",\"url\":\"https:\\\/\\\/secure.gravatar.com\\\/avatar\\\/09c78d96a97f05459fb3fc7e5454bff2b1a4b9bf92e8f0e07a9744b5ecc72eec?s=96&d=mm&r=g\",\"contentUrl\":\"https:\\\/\\\/secure.gravatar.com\\\/avatar\\\/09c78d96a97f05459fb3fc7e5454bff2b1a4b9bf92e8f0e07a9744b5ecc72eec?s=96&d=mm&r=g\",\"caption\":\"Olenka Montenegro\"},\"url\":\"https:\\\/\\\/minkanaforest.foundation\\\/en\\\/author\\\/olenka\\\/\"}]}<\/script>\n<!-- \/ Yoast SEO plugin. -->","yoast_head_json":{"title":"Retos en territorio: compromiso que se mantiene - Minkana Forest","robots":{"index":"index","follow":"follow","max-snippet":"max-snippet:-1","max-image-preview":"max-image-preview:large","max-video-preview":"max-video-preview:-1"},"canonical":"https:\/\/minkanaforest.foundation\/en\/retos-en-territorio-compromiso-que-se-mantiene\/","og_locale":"en_US","og_type":"article","og_title":"Retos en territorio: compromiso que se mantiene - Minkana Forest","og_description":"El trabajo en territorio requiere mucho m\u00e1s que llegar a una comunidad. Cada jornada de Guardianes de la Naturaleza comienza previamente con la planificaci\u00f3n desde oficina: preparaci\u00f3n de contenidos, organizaci\u00f3n de materiales l\u00fadicos, coordinaci\u00f3n log\u00edstica, refrigerios y distribuci\u00f3n de responsabilidades entre el equipo. En comunidades como&nbsp;Carashino, las condiciones clim\u00e1ticas pueden modificar por completo lo previsto.... Read More","og_url":"https:\/\/minkanaforest.foundation\/en\/retos-en-territorio-compromiso-que-se-mantiene\/","og_site_name":"Minkana Forest","article_publisher":"https:\/\/www.facebook.com\/minkanaforest\/","article_published_time":"2026-08-31T16:17:51+00:00","article_modified_time":"2026-08-31T16:18:39+00:00","og_image":[{"width":2560,"height":1706,"url":"https:\/\/minkanaforest.foundation\/wp-content\/uploads\/2026\/08\/DSC06766-scaled.jpg","type":"image\/jpeg"}],"author":"Olenka Montenegro","twitter_card":"summary_large_image","twitter_misc":{"Written by":"Olenka Montenegro","Est. reading time":"3 minutes"},"schema":{"@context":"https:\/\/schema.org","@graph":[{"@type":"Article","@id":"https:\/\/minkanaforest.foundation\/retos-en-territorio-compromiso-que-se-mantiene\/#article","isPartOf":{"@id":"https:\/\/minkanaforest.foundation\/retos-en-territorio-compromiso-que-se-mantiene\/"},"author":{"name":"Olenka Montenegro","@id":"https:\/\/minkanaforest.foundation\/#\/schema\/person\/7d4de5369b967d06ea06c6cc42764a52"},"headline":"Retos en territorio: compromiso que se mantiene","datePublished":"2026-08-31T16:17:51+00:00","dateModified":"2026-08-31T16:18:39+00:00","mainEntityOfPage":{"@id":"https:\/\/minkanaforest.foundation\/retos-en-territorio-compromiso-que-se-mantiene\/"},"wordCount":318,"commentCount":0,"publisher":{"@id":"https:\/\/minkanaforest.foundation\/#organization"},"image":{"@id":"https:\/\/minkanaforest.foundation\/retos-en-territorio-compromiso-que-se-mantiene\/#primaryimage"},"thumbnailUrl":"https:\/\/minkanaforest.foundation\/wp-content\/uploads\/2026\/08\/DSC06766-scaled.jpg","articleSection":["Sin categor\u00eda"],"inLanguage":"en-US","potentialAction":[{"@type":"CommentAction","name":"Comment","target":["https:\/\/minkanaforest.foundation\/retos-en-territorio-compromiso-que-se-mantiene\/#respond"]}]},{"@type":"WebPage","@id":"https:\/\/minkanaforest.foundation\/retos-en-territorio-compromiso-que-se-mantiene\/","url":"https:\/\/minkanaforest.foundation\/retos-en-territorio-compromiso-que-se-mantiene\/","name":"Retos en territorio: compromiso que se mantiene - Minkana Forest","isPartOf":{"@id":"https:\/\/minkanaforest.foundation\/#website"},"primaryImageOfPage":{"@id":"https:\/\/minkanaforest.foundation\/retos-en-territorio-compromiso-que-se-mantiene\/#primaryimage"},"image":{"@id":"https:\/\/minkanaforest.foundation\/retos-en-territorio-compromiso-que-se-mantiene\/#primaryimage"},"thumbnailUrl":"https:\/\/minkanaforest.foundation\/wp-content\/uploads\/2026\/08\/DSC06766-scaled.jpg","datePublished":"2026-08-31T16:17:51+00:00","dateModified":"2026-08-31T16:18:39+00:00","breadcrumb":{"@id":"https:\/\/minkanaforest.foundation\/retos-en-territorio-compromiso-que-se-mantiene\/#breadcrumb"},"inLanguage":"en-US","potentialAction":[{"@type":"ReadAction","target":["https:\/\/minkanaforest.foundation\/retos-en-territorio-compromiso-que-se-mantiene\/"]}]},{"@type":"ImageObject","inLanguage":"en-US","@id":"https:\/\/minkanaforest.foundation\/retos-en-territorio-compromiso-que-se-mantiene\/#primaryimage","url":"https:\/\/minkanaforest.foundation\/wp-content\/uploads\/2026\/08\/DSC06766-scaled.jpg","contentUrl":"https:\/\/minkanaforest.foundation\/wp-content\/uploads\/2026\/08\/DSC06766-scaled.jpg","width":2560,"height":1706},{"@type":"BreadcrumbList","@id":"https:\/\/minkanaforest.foundation\/retos-en-territorio-compromiso-que-se-mantiene\/#breadcrumb","itemListElement":[{"@type":"ListItem","position":1,"name":"Portada","item":"https:\/\/minkanaforest.foundation\/"},{"@type":"ListItem","position":2,"name":"Retos en territorio: compromiso que se mantiene"}]},{"@type":"WebSite","@id":"https:\/\/minkanaforest.foundation\/#website","url":"https:\/\/minkanaforest.foundation\/","name":"Minkana Forest","description":"Foundation","publisher":{"@id":"https:\/\/minkanaforest.foundation\/#organization"},"potentialAction":[{"@type":"SearchAction","target":{"@type":"EntryPoint","urlTemplate":"https:\/\/minkanaforest.foundation\/?s={search_term_string}"},"query-input":{"@type":"PropertyValueSpecification","valueRequired":true,"valueName":"search_term_string"}}],"inLanguage":"en-US"},{"@type":"Organization","@id":"https:\/\/minkanaforest.foundation\/#organization","name":"Minkana Forest Foundation","url":"https:\/\/minkanaforest.foundation\/","logo":{"@type":"ImageObject","inLanguage":"en-US","@id":"https:\/\/minkanaforest.foundation\/#\/schema\/logo\/image\/","url":"https:\/\/minkanaforest.foundation\/wp-content\/uploads\/2022\/01\/Logo-Minkana-2.png","contentUrl":"https:\/\/minkanaforest.foundation\/wp-content\/uploads\/2022\/01\/Logo-Minkana-2.png","width":443,"height":111,"caption":"Minkana Forest Foundation"},"image":{"@id":"https:\/\/minkanaforest.foundation\/#\/schema\/logo\/image\/"},"sameAs":["https:\/\/www.facebook.com\/minkanaforest\/","https:\/\/www.instagram.com\/minkanaforest\/","https:\/\/www.youtube.com\/channel\/UCHpReOVQpau6dXsvLyLzLmg\/playlists"]},{"@type":"Person","@id":"https:\/\/minkanaforest.foundation\/#\/schema\/person\/7d4de5369b967d06ea06c6cc42764a52","name":"Olenka Montenegro","image":{"@type":"ImageObject","inLanguage":"en-US","@id":"https:\/\/secure.gravatar.com\/avatar\/09c78d96a97f05459fb3fc7e5454bff2b1a4b9bf92e8f0e07a9744b5ecc72eec?s=96&d=mm&r=g","url":"https:\/\/secure.gravatar.com\/avatar\/09c78d96a97f05459fb3fc7e5454bff2b1a4b9bf92e8f0e07a9744b5ecc72eec?s=96&d=mm&r=g","contentUrl":"https:\/\/secure.gravatar.com\/avatar\/09c78d96a97f05459fb3fc7e5454bff2b1a4b9bf92e8f0e07a9744b5ecc72eec?s=96&d=mm&r=g","caption":"Olenka Montenegro"},"url":"https:\/\/minkanaforest.foundation\/en\/author\/olenka\/"}]}},"_links":{"self":[{"href":"https:\/\/minkanaforest.foundation\/en\/wp-json\/wp\/v2\/posts\/7555","targetHints":{"allow":["GET"]}}],"collection":[{"href":"https:\/\/minkanaforest.foundation\/en\/wp-json\/wp\/v2\/posts"}],"about":[{"href":"https:\/\/minkanaforest.foundation\/en\/wp-json\/wp\/v2\/types\/post"}],"author":[{"embeddable":true,"href":"https:\/\/minkanaforest.foundation\/en\/wp-json\/wp\/v2\/users\/7"}],"replies":[{"embeddable":true,"href":"https:\/\/minkanaforest.foundation\/en\/wp-json\/wp\/v2\/comments?post=7555"}],"version-history":[{"count":3,"href":"https:\/\/minkanaforest.foundation\/en\/wp-json\/wp\/v2\/posts\/7555\/revisions"}],"predecessor-version":[{"id":7569,"href":"https:\/\/minkanaforest.foundation\/en\/wp-json\/wp\/v2\/posts\/7555\/revisions\/7569"}],"wp:featuredmedia":[{"embeddable":true,"href":"https:\/\/minkanaforest.foundation\/en\/wp-json\/wp\/v2\/media\/7560"}],"wp:attachment":[{"href":"https:\/\/minkanaforest.foundation\/en\/wp-json\/wp\/v2\/media?parent=7555"}],"wp:term":[{"taxonomy":"category","embeddable":true,"href":"https:\/\/minkanaforest.foundation\/en\/wp-json\/wp\/v2\/categories?post=7555"},{"taxonomy":"post_tag","embeddable":true,"href":"https:\/\/minkanaforest.foundation\/en\/wp-json\/wp\/v2\/tags?post=7555"}],"curies":[{"name":"wp","href":"https:\/\/api.w.org\/{rel}","templated":true}]}}